{"id":70981,"date":"2024-12-12T12:31:14","date_gmt":"2024-12-12T11:31:14","guid":{"rendered":"https:\/\/colegiomirasur.com\/?post_type=school_news&#038;p=70981"},"modified":"2024-12-13T09:21:12","modified_gmt":"2024-12-13T08:21:12","slug":"villancico-2024-mirasur-que-cante-todo-el-mundo","status":"publish","type":"school_news","link":"https:\/\/colegiomirasur.com\/en\/school-news\/villancico-2024-mirasur-que-cante-todo-el-mundo\/","title":{"rendered":"Mirasur School estrena su villancico 2024: \u201cQue cante todo el mundo\u201d"},"content":{"rendered":"<p>Un a\u00f1o m\u00e1s, la m\u00fasica se convierte en el coraz\u00f3n de la Navidad en Mirasur School. El pasado 5 de diciembre, durante el acto de encendido de luces de Navidad en Pinto, tuvo lugar el estreno de nuestro villancico 2024, titulado <strong>\u201cQue cante todo el mundo\u201d<\/strong>, ante la emocionada mirada de los cientos de personas que acudieron a ver y animar a nuestro coro. Hoy presentamos su videoclip oficial.<\/p>\n<p>Esta nueva composici\u00f3n, obra de <strong>Carolina Becerra<\/strong>, profesora de M\u00fasica en Mirasur School, no solo busca alegrar la temporada navide\u00f1a, sino tambi\u00e9n compartir un mensaje lleno de amor y esperanza. A trav\u00e9s de la m\u00fasica, Becerra invita a todos a \u201crodearse siempre de gente bonita y que haga sonre\u00edr el coraz\u00f3n\u201d.<\/p>\n<p>El villancico est\u00e1 interpretado por el coro de Primaria de Mirasur, formado por 24 alumnos \u2013<strong> Ana Correas<\/strong>, <strong>Irshan Singh<\/strong>, <strong>Elena Xu Zhuo<\/strong>, <strong>Celia Gordo<\/strong>, <strong>Martina Romero<\/strong>, <strong>Anah\u00ed Franco<\/strong>,\u00a0 <strong>Leyre Itzae del Val<\/strong>, <strong>Carlota Alarc\u00f3n<\/strong>, <strong>Amelia Brugos<\/strong>, <strong>Adriana Palomo<\/strong>, <strong>Bruno Ruiz<\/strong>, <strong>Carla Nieto<\/strong>, <strong>Mar\u00eda Sampedro<\/strong>, <strong>Martina Herv\u00e1s<\/strong>, <strong>Lara Salido<\/strong>, <strong>Linda Zuo<\/strong>, <strong>Sof\u00eda Castro<\/strong>, <strong>Alessio Oberti<\/strong>, <strong>Chiara Orozco<\/strong>, <strong>Quique Ugena<\/strong>, <strong>Julia de la Horra<\/strong>, <strong>Arohi Chethiya<\/strong>, <strong>Valeria Ram\u00edrez<\/strong>, <strong>Maeva Caba\u00f1as<\/strong>, <strong>Iv\u00e1n Vioque<\/strong> y <strong>Alhay Carmona<\/strong>\u2013 quienes con su talento y entusiasmo han logrado transmitir a toda nuestra escuela la esencia de la Navidad.<\/p>\n<h6>El videoclip<\/h6>\n<p>Este a\u00f1o la grabaci\u00f3n del videoclip ha tenido un componente especialmente emotivo: la participaci\u00f3n de los mayores de la <strong>Residencia Dolores Soria de Pinto<\/strong>, gestionada por la ONG Mensajeros de la Paz. \u201cQuer\u00edamos poner en valor la importancia de la conexi\u00f3n intergeneracional y de compartir momentos con nuestros mayores\u201d, explica <strong>Vanesa Mendoza<\/strong>, directora t\u00e9cnica de Primaria, y parte activa del proyecto. El videoclip tambi\u00e9n cuenta con momentos del emocionante estreno de \u201cQue cante todo el mundo\u201d sobre el escenario, junto con im\u00e1genes de la Navidad de Pinto, destacando la belleza y alegr\u00eda que envuelven a la ciudad en estas fechas tan especiales.<\/p>\n<p>La realizaci\u00f3n del videoclip fue posible gracias al talento de <strong>Alfredo L\u00f3pez<\/strong>, c\u00e1mara, director de fotograf\u00eda y fundador de Dementia Motion Pictures, quien, adem\u00e1s, es ex alumno de Mirasur School. Su creatividad y profesionalidad han dado vida a un trabajo que refleja el esp\u00edritu de nuestra comunidad educativa y el poder de la m\u00fasica para unirnos.<\/p>\n<p>Con este villancico, Mirasur School reafirma su compromiso con la cultura, el arte y los valores que enriquecen nuestra sociedad. Te invitamos a disfrutar de \u201cQue cante todo el mundo\u201d y a unirte a esta celebraci\u00f3n que nos llena de orgullo y emoci\u00f3n.<\/p>\n<p>\u00a1Felices fiestas de parte de toda la familia Mirasur!<\/p>\n<p><iframe loading=\"lazy\" title=\"Que cante todo el mundo - Villancico Mirasur School 2024\" width=\"1140\" height=\"641\" src=\"https:\/\/www.youtube.com\/embed\/aA3_sXb9-WM?start=9&#038;feature=oembed\" frameborder=\"0\" allow=\"accelerometer; autoplay; clipboard-write; encrypted-media; gyroscope; picture-in-picture; web-share\" referrerpolicy=\"strict-origin-when-cross-origin\" allowfullscreen><\/iframe><\/p>\n","protected":false},"excerpt":{"rendered":"<p>Un a\u00f1o m\u00e1s, la m\u00fasica se convierte en el coraz\u00f3n de la Navidad en Mirasur School. El pasado 5 de diciembre, durante el acto de encendido de luces de Navidad en Pinto, tuvo lugar el estreno de nuestro villancico 2024, titulado \u201cQue cante todo el mundo\u201d, ante la emocionada mirada de los cientos de personas [&hellip;]<\/p>\n","protected":false},"author":521,"featured_media":70984,"parent":0,"menu_order":0,"template":"","meta":{"_acf_changed":false,"footnotes":""},"news-category":[282],"news-tag":[],"class_list":["post-70981","school_news","type-school_news","status-publish","has-post-thumbnail","hentry","news-category-school-life"],"acf":[],"yoast_head":"<!-- This site is optimized with the Yoast SEO plugin v27.4 - https:\/\/yoast.com\/product\/yoast-seo-wordpress\/ -->\n<title>Mirasur School estrena su villancico 2024: \u201cQue cante todo el mundo\u201d - Mirasur School<\/title>\n<meta name=\"description\" content=\"Mirasur estrena su villancico &quot;Que cante todo el mundo&quot;, con un videoclip protagonizado por nuestro coro y los mayores de la residencia.\" \/>\n<meta name=\"robots\" content=\"index, follow, max-snippet:-1, max-image-preview:large, max-video-preview:-1\" \/>\n<link rel=\"canonical\" href=\"https:\/\/colegiomirasur.com\/en\/school-news\/villancico-2024-mirasur-que-cante-todo-el-mundo\/\" \/>\n<meta property=\"og:locale\" content=\"en_US\" \/>\n<meta property=\"og:type\" content=\"article\" \/>\n<meta property=\"og:title\" content=\"Mirasur School estrena su villancico 2024: \u201cQue cante todo el mundo\u201d - Mirasur School\" \/>\n<meta property=\"og:description\" content=\"Mirasur estrena su villancico &quot;Que cante todo el mundo&quot;, con un videoclip protagonizado por nuestro coro y los mayores de la residencia.\" \/>\n<meta property=\"og:url\" content=\"https:\/\/colegiomirasur.com\/en\/school-news\/villancico-2024-mirasur-que-cante-todo-el-mundo\/\" \/>\n<meta property=\"og:site_name\" content=\"Mirasur School\" \/>\n<meta property=\"article:publisher\" content=\"https:\/\/www.facebook.com\/socialmediacolegiomirasur\/\" \/>\n<meta property=\"article:modified_time\" content=\"2024-12-13T08:21:12+00:00\" \/>\n<meta property=\"og:image\" content=\"https:\/\/colegiomirasur.com\/wp-content\/uploads\/sites\/92\/2024\/12\/Captura-de-pantalla-2024-12-12-a-las-12.25.56.png\" \/>\n\t<meta property=\"og:image:width\" content=\"1914\" \/>\n\t<meta property=\"og:image:height\" content=\"813\" \/>\n\t<meta property=\"og:image:type\" content=\"image\/png\" \/>\n<meta name=\"twitter:card\" content=\"summary_large_image\" \/>\n<meta name=\"twitter:site\" content=\"@ColegioMirasur\" \/>\n<meta name=\"twitter:label1\" content=\"Est. reading time\" \/>\n\t<meta name=\"twitter:data1\" content=\"3 minutes\" \/>\n<!-- \/ Yoast SEO plugin. -->","yoast_head_json":{"title":"Mirasur School estrena su villancico 2024: \u201cQue cante todo el mundo\u201d - Mirasur School","description":"Mirasur estrena su villancico \"Que cante todo el mundo\", con un videoclip protagonizado por nuestro coro y los mayores de la residencia.","robots":{"index":"index","follow":"follow","max-snippet":"max-snippet:-1","max-image-preview":"max-image-preview:large","max-video-preview":"max-video-preview:-1"},"canonical":"https:\/\/colegiomirasur.com\/en\/school-news\/villancico-2024-mirasur-que-cante-todo-el-mundo\/","og_locale":"en_US","og_type":"article","og_title":"Mirasur School estrena su villancico 2024: \u201cQue cante todo el mundo\u201d - Mirasur School","og_description":"Mirasur estrena su villancico \"Que cante todo el mundo\", con un videoclip protagonizado por nuestro coro y los mayores de la residencia.","og_url":"https:\/\/colegiomirasur.com\/en\/school-news\/villancico-2024-mirasur-que-cante-todo-el-mundo\/","og_site_name":"Mirasur School","article_publisher":"https:\/\/www.facebook.com\/socialmediacolegiomirasur\/","article_modified_time":"2024-12-13T08:21:12+00:00","og_image":[{"width":1914,"height":813,"url":"https:\/\/colegiomirasur.com\/wp-content\/uploads\/sites\/92\/2024\/12\/Captura-de-pantalla-2024-12-12-a-las-12.25.56.png","type":"image\/png"}],"twitter_card":"summary_large_image","twitter_site":"@ColegioMirasur","twitter_misc":{"Est. reading time":"3 minutes"},"schema":{"@context":"https:\/\/schema.org","@graph":[{"@type":"WebPage","@id":"https:\/\/colegiomirasur.com\/en\/school-news\/villancico-2024-mirasur-que-cante-todo-el-mundo\/","url":"https:\/\/colegiomirasur.com\/en\/school-news\/villancico-2024-mirasur-que-cante-todo-el-mundo\/","name":"Mirasur School estrena su villancico 2024: \u201cQue cante todo el mundo\u201d - Mirasur School","isPartOf":{"@id":"https:\/\/colegiomirasur.com\/en\/#website"},"primaryImageOfPage":{"@id":"https:\/\/colegiomirasur.com\/en\/school-news\/villancico-2024-mirasur-que-cante-todo-el-mundo\/#primaryimage"},"image":{"@id":"https:\/\/colegiomirasur.com\/en\/school-news\/villancico-2024-mirasur-que-cante-todo-el-mundo\/#primaryimage"},"thumbnailUrl":"https:\/\/colegiomirasur.com\/wp-content\/uploads\/sites\/92\/2024\/12\/Captura-de-pantalla-2024-12-12-a-las-12.25.56.png","datePublished":"2024-12-12T11:31:14+00:00","dateModified":"2024-12-13T08:21:12+00:00","description":"Mirasur estrena su villancico \"Que cante todo el mundo\", con un videoclip protagonizado por nuestro coro y los mayores de la residencia.","breadcrumb":{"@id":"https:\/\/colegiomirasur.com\/en\/school-news\/villancico-2024-mirasur-que-cante-todo-el-mundo\/#breadcrumb"},"inLanguage":"en-US","potentialAction":[{"@type":"ReadAction","target":["https:\/\/colegiomirasur.com\/en\/school-news\/villancico-2024-mirasur-que-cante-todo-el-mundo\/"]}]},{"@type":"ImageObject","inLanguage":"en-US","@id":"https:\/\/colegiomirasur.com\/en\/school-news\/villancico-2024-mirasur-que-cante-todo-el-mundo\/#primaryimage","url":"https:\/\/colegiomirasur.com\/wp-content\/uploads\/sites\/92\/2024\/12\/Captura-de-pantalla-2024-12-12-a-las-12.25.56.png","contentUrl":"https:\/\/colegiomirasur.com\/wp-content\/uploads\/sites\/92\/2024\/12\/Captura-de-pantalla-2024-12-12-a-las-12.25.56.png","width":1914,"height":813,"caption":"Que cante todo el mundo - Villancico Mirasur 2024"},{"@type":"BreadcrumbList","@id":"https:\/\/colegiomirasur.com\/en\/school-news\/villancico-2024-mirasur-que-cante-todo-el-mundo\/#breadcrumb","itemListElement":[{"@type":"ListItem","position":1,"name":"Home","item":"https:\/\/colegiomirasur.com\/en\/"},{"@type":"ListItem","position":2,"name":"School News","item":"https:\/\/colegiomirasur.com\/en\/school-news\/"},{"@type":"ListItem","position":3,"name":"Mirasur School estrena su villancico 2024: \u201cQue cante todo el mundo\u201d"}]},{"@type":"WebSite","@id":"https:\/\/colegiomirasur.com\/en\/#website","url":"https:\/\/colegiomirasur.com\/en\/","name":"Mirasur School","description":"Mirasur School is...tagline","publisher":{"@id":"https:\/\/colegiomirasur.com\/en\/#organization"},"potentialAction":[{"@type":"SearchAction","target":{"@type":"EntryPoint","urlTemplate":"https:\/\/colegiomirasur.com\/en\/?s={search_term_string}"},"query-input":{"@type":"PropertyValueSpecification","valueRequired":true,"valueName":"search_term_string"}}],"inLanguage":"en-US"},{"@type":"Organization","@id":"https:\/\/colegiomirasur.com\/en\/#organization","name":"Mirasur School","url":"https:\/\/colegiomirasur.com\/en\/","logo":{"@type":"ImageObject","inLanguage":"en-US","@id":"https:\/\/colegiomirasur.com\/en\/#\/schema\/logo\/image\/","url":"https:\/\/colegiomirasur.com\/wp-content\/uploads\/sites\/92\/2023\/06\/cropped-44216714-4084-4c7a-acc2-671caf7daafe.png","contentUrl":"https:\/\/colegiomirasur.com\/wp-content\/uploads\/sites\/92\/2023\/06\/cropped-44216714-4084-4c7a-acc2-671caf7daafe.png","width":512,"height":512,"caption":"Mirasur School"},"image":{"@id":"https:\/\/colegiomirasur.com\/en\/#\/schema\/logo\/image\/"},"sameAs":["https:\/\/www.facebook.com\/socialmediacolegiomirasur\/","https:\/\/x.com\/ColegioMirasur","https:\/\/www.instagram.com\/colegiomirasur\/","https:\/\/www.youtube.com\/@socialmedia2137\/featured","https:\/\/www.linkedin.com\/company\/mirasur-school\/"]}]}},"jetpack_sharing_enabled":true,"_links":{"self":[{"href":"https:\/\/colegiomirasur.com\/en\/wp-json\/wp\/v2\/school_news\/70981","targetHints":{"allow":["GET"]}}],"collection":[{"href":"https:\/\/colegiomirasur.com\/en\/wp-json\/wp\/v2\/school_news"}],"about":[{"href":"https:\/\/colegiomirasur.com\/en\/wp-json\/wp\/v2\/types\/school_news"}],"author":[{"embeddable":true,"href":"https:\/\/colegiomirasur.com\/en\/wp-json\/wp\/v2\/users\/521"}],"version-history":[{"count":4,"href":"https:\/\/colegiomirasur.com\/en\/wp-json\/wp\/v2\/school_news\/70981\/revisions"}],"predecessor-version":[{"id":70987,"href":"https:\/\/colegiomirasur.com\/en\/wp-json\/wp\/v2\/school_news\/70981\/revisions\/70987"}],"wp:featuredmedia":[{"embeddable":true,"href":"https:\/\/colegiomirasur.com\/en\/wp-json\/wp\/v2\/media\/70984"}],"wp:attachment":[{"href":"https:\/\/colegiomirasur.com\/en\/wp-json\/wp\/v2\/media?parent=70981"}],"wp:term":[{"taxonomy":"news-category","embeddable":true,"href":"https:\/\/colegiomirasur.com\/en\/wp-json\/wp\/v2\/news-category?post=70981"},{"taxonomy":"news-tag","embeddable":true,"href":"https:\/\/colegiomirasur.com\/en\/wp-json\/wp\/v2\/news-tag?post=70981"}],"curies":[{"name":"wp","href":"https:\/\/api.w.org\/{rel}","templated":true}]}}